{"id":2702,"date":"2018-10-17T11:51:37","date_gmt":"2018-10-17T11:51:37","guid":{"rendered":"http:\/\/www.lesmenetriers.com\/WP\/?p=2702"},"modified":"2018-10-17T13:42:33","modified_gmt":"2018-10-17T13:42:33","slug":"concert-de-noel-8-decembre-2018-a-20h-eglise-saint-christophe-hannut","status":"publish","type":"post","link":"https:\/\/www.lesmenetriers.com\/WP\/?p=2702","title":{"rendered":"Concert de No\u00ebl &#8211; 8 d\u00e9cembre 2018 \u00e0 20h &#8211; Eglise Saint-Christophe &#8211; Hannut"},"content":{"rendered":"<div class=\"alignnone\">\n<p><a href=\"https:\/\/www.lesmenetriers.com\/WP\/wp-content\/uploads\/2018\/10\/Concertdenoel2018.jpg\" target=\"_blank\" rel=\"noopener noreferrer\"><img loading=\"lazy\" class=\"alignleft wp-image-2704\" src=\"https:\/\/www.lesmenetriers.com\/WP\/wp-content\/uploads\/2018\/10\/Concertdenoel2018.jpg\" alt=\"\" width=\"79\" height=\"112\" srcset=\"https:\/\/www.lesmenetriers.com\/WP\/wp-content\/uploads\/2018\/10\/Concertdenoel2018.jpg 679w, https:\/\/www.lesmenetriers.com\/WP\/wp-content\/uploads\/2018\/10\/Concertdenoel2018-212x300.jpg 212w\" sizes=\"(max-width: 79px) 100vw, 79px\" \/><\/a><\/p>\n<\/div>\n<div class=\"alignnone\">Les M\u00e9n\u00e9triers seront de retour sur sc\u00e8ne \u00e0 l\u2019Eglise Saint-Christophe de Hannut le 8 d\u00e9cembre prochain.<\/div>\n<p>&nbsp;<\/p>\n<p><strong>Adresse<\/strong>:<br \/>\nRue de l&#8217;Eglise 11-13, 4280 Hannut<\/p>\n<div><\/div>\n<div><strong>Au programme<\/strong> :<\/div>\n<ul>\n<li>\n<div>L&#8217;ensemble musical Daan T\u00e9, dirig\u00e9 par Pascale Dossogne, interpr\u00e9tera des musiques sud-am\u00e9ricaines.<\/div>\n<\/li>\n<li>\n<div>Les M\u00e9n\u00e9triers, dirig\u00e9s par Beno\u00eet Gilot, chanteront <i>La Navidad Nuestra\u00a0<\/i>de Ramirez ainsi que d&#8217;autres chants \u00e9galement d&#8217;origine sud-am\u00e9ricaine.<\/div>\n<\/li>\n<\/ul>\n<div><\/div>\n<div><strong>Prix des places<\/strong> :<\/div>\n<table>\n<colgroup>\n<col \/>\n<col \/>\n<col \/>\n<col \/>\n<col \/><\/colgroup>\n<tbody>\n<tr>\n<td>\n<div style=\"text-align: center;\">Placement<\/div>\n<\/td>\n<td style=\"text-align: center;\">\n<div>Pr\u00e9ventes<\/div>\n<\/td>\n<td style=\"text-align: center;\">\n<div>Adultes<\/div>\n<\/td>\n<td style=\"text-align: center;\">\n<div>12-25 ans et membres \u00e0 C\u0153ur Joie<\/div>\n<\/td>\n<td style=\"text-align: center;\">\n<div>Enfants de moins de12 ans<\/div>\n<\/td>\n<\/tr>\n<tr>\n<td>\n<div>Nef centrale<\/div>\n<\/td>\n<td style=\"text-align: center;\">\n<div>10\u20ac<\/div>\n<\/td>\n<td style=\"text-align: center;\">\n<div>12\u20ac<\/div>\n<\/td>\n<td style=\"text-align: center;\">\n<div>8\u20ac<\/div>\n<\/td>\n<td style=\"text-align: center;\">\n<div>Gratuit<\/div>\n<\/td>\n<\/tr>\n<tr>\n<td>\n<div>Nefs lat\u00e9rales<\/div>\n<\/td>\n<td style=\"text-align: center;\">\n<div>8\u20ac<\/div>\n<\/td>\n<td style=\"text-align: center;\">\n<div>8\u20ac<\/div>\n<\/td>\n<td style=\"text-align: center;\">\n<div>8\u20ac<\/div>\n<\/td>\n<td style=\"text-align: center;\">\n<div>Gratuit<\/div>\n<\/td>\n<\/tr>\n<\/tbody>\n<\/table>\n<div><\/div>\n<div>Les pr\u00e9ventes seront disponibles <strong>\u00e0 partir du 7 novembre 2018<\/strong>.<\/div>\n<div>Vous pouvez soit nous envoyer un mail \u00e0 l\u2019adresse <a href=\"mailto:reservations.lesmenetriers@gmail.com\">reservations.lesmenetriers@gmail.com<\/a>\u00a0(vous recevrez toutes les infos en retour), soit par t\u00e9l\u00e9phone au\u00a0<b>019 65 60 09<\/b>.<\/div>\n<div><\/div>\n<div>A tr\u00e8s bient\u00f4t!<\/div>\n","protected":false},"excerpt":{"rendered":"<p>Les M\u00e9n\u00e9triers seront de retour sur sc\u00e8ne \u00e0 l\u2019Eglise Saint-Christophe de Hannut le 8 d\u00e9cembre prochain. &nbsp; Adresse: Rue de l&#8217;Eglise 11-13, 4280 Hannut Au programme : L&#8217;ensemble musical Daan &#8230;<\/p>\n","protected":false},"author":3,"featured_media":2717,"comment_status":"closed","ping_status":"closed","sticky":false,"template":"","format":"standard","meta":[],"categories":[41,46,40,43],"tags":[],"_links":{"self":[{"href":"https:\/\/www.lesmenetriers.com\/WP\/index.php?rest_route=\/wp\/v2\/posts\/2702"}],"collection":[{"href":"https:\/\/www.lesmenetriers.com\/WP\/index.php?rest_route=\/wp\/v2\/posts"}],"about":[{"href":"https:\/\/www.lesmenetriers.com\/WP\/index.php?rest_route=\/wp\/v2\/types\/post"}],"author":[{"embeddable":true,"href":"https:\/\/www.lesmenetriers.com\/WP\/index.php?rest_route=\/wp\/v2\/users\/3"}],"replies":[{"embeddable":true,"href":"https:\/\/www.lesmenetriers.com\/WP\/index.php?rest_route=%2Fwp%2Fv2%2Fcomments&post=2702"}],"version-history":[{"count":12,"href":"https:\/\/www.lesmenetriers.com\/WP\/index.php?rest_route=\/wp\/v2\/posts\/2702\/revisions"}],"predecessor-version":[{"id":2718,"href":"https:\/\/www.lesmenetriers.com\/WP\/index.php?rest_route=\/wp\/v2\/posts\/2702\/revisions\/2718"}],"wp:featuredmedia":[{"embeddable":true,"href":"https:\/\/www.lesmenetriers.com\/WP\/index.php?rest_route=\/wp\/v2\/media\/2717"}],"wp:attachment":[{"href":"https:\/\/www.lesmenetriers.com\/WP\/index.php?rest_route=%2Fwp%2Fv2%2Fmedia&parent=2702"}],"wp:term":[{"taxonomy":"category","embeddable":true,"href":"https:\/\/www.lesmenetriers.com\/WP\/index.php?rest_route=%2Fwp%2Fv2%2Fcategories&post=2702"},{"taxonomy":"post_tag","embeddable":true,"href":"https:\/\/www.lesmenetriers.com\/WP\/index.php?rest_route=%2Fwp%2Fv2%2Ftags&post=2702"}],"curies":[{"name":"wp","href":"https:\/\/api.w.org\/{rel}","templated":true}]}}