{"id":2720,"date":"2018-11-14T21:49:51","date_gmt":"2018-11-14T21:49:51","guid":{"rendered":"http:\/\/www.lesmenetriers.com\/WP\/?p=2720"},"modified":"2018-11-14T21:50:13","modified_gmt":"2018-11-14T21:50:13","slug":"loeuvre-navidad-nuestra-dariel-ramirez-hannut-le-8122018","status":"publish","type":"post","link":"https:\/\/www.lesmenetriers.com\/WP\/?p=2720","title":{"rendered":"L\u2019\u0153uvre\u00a0Navidad Nuestra d\u2019Ariel Ramirez (Hannut le 8\/12\/2018)"},"content":{"rendered":"<p><img loading=\"lazy\" class=\"alignleft wp-image-2721 size-medium\" src=\"https:\/\/www.lesmenetriers.com\/WP\/wp-content\/uploads\/2018\/11\/arielramirez-300x211.jpg\" alt=\"\" width=\"300\" height=\"211\" srcset=\"https:\/\/www.lesmenetriers.com\/WP\/wp-content\/uploads\/2018\/11\/arielramirez-300x211.jpg 300w, https:\/\/www.lesmenetriers.com\/WP\/wp-content\/uploads\/2018\/11\/arielramirez.jpg 430w\" sizes=\"(max-width: 300px) 100vw, 300px\" \/>C\u2019est en octobre 1963 qu\u2019Ariel Ramirez eut l\u2019id\u00e9e d\u2019une s\u00e9rie de \u201cvillancicos\u201d\u00a0(chants de No\u00ebl). Ainsi naquit Navidad Nuestra, oeuvre que le compositeur argentin d\u00e9finit comme une estampe musicale dont il confia les paroles au po\u00e8te F\u00e9lix Luna (1925-2009).<\/p>\n<p style=\"text-align: left;\"><strong>Navidad Nuestra<\/strong> se compose de 6 parties avec diff\u00e9rents rythmes argentins qui racontent l\u2019histoire classique de No\u00ebl, de l\u2019annonce de la naissance \u00e0 Marie par l\u2019ange Gabriel \u00e0 la fuite en \u00c9gypte. F\u00e9lix Luna a choisi de situer la sc\u00e8ne en Argentine et utilise des mots, des paysages, des f\u00eates et des produits argentins,<br \/>\nparfois m\u00eame indig\u00e8nes : Joseph et Marie se rendent \u00e0 Bethl\u00e9em par la pampa, les bergers viennent du village d\u2019Aimogasta dans la province argentine de La Rioja.<\/p>\n<p><strong>La Anunciaci\u00f3n<\/strong>\u00a0: L&#8217;ange Gabriel annonce la naissance \u00e0 Marie, en partie dans la langue des Indiens Guarani. Puis il retourne vers Dieu et lui dit qu&#8217;il a vu la plus belle femme de tous les temps, &#8220;avec des yeux comme des \u00e9toiles&#8221;.<\/p>\n<p><strong>La Peregrinaci\u00f3n<\/strong>\u00a0: Joseph et Marie vont sur la pampa gel\u00e9e &#8220;avec des chardons et des orties&#8221;. O\u00f9 devrait na\u00eetre la fleur du champ s&#8217;il n&#8217;y a pas d&#8217;abri? Ils sont en route avec un Dieu cach\u00e9 &#8230; et personne ne le sait. Comme toutes les huelles, le choeur commence toujours par \u00aba la huella\u00bb, qui signifie \u00absur la route\u00bb.<\/p>\n<p><strong>El Nacimiento<\/strong>\u00a0: Une chanson de naissance assez traditionnelle, mais au rythme du vidala, ce qui la rend ind\u00e9niablement cr\u00e9ole. \u00a0Les anges chantent la naissance de Dieu. &#8220;Dieu est n\u00e9, c&#8217;est No\u00ebl (Dios ha nacido, es Navidad)&#8221;.<\/p>\n<p><strong>Los Pastores<\/strong>\u00a0: L\u2019\u00e9crivain situe les bergers du village d\u2019Aimogasta, dans la province de Rioja, dans une atmosph\u00e8re propice \u00e0 la f\u00eate, dans les oliveraies de cette r\u00e9gion. M\u00eame avant l&#8217;aube, les bergers viennent des champs, de tous les villages de la r\u00e9gion. Le roi des rois est n\u00e9. Ils apportent des bougies et des fleurs.<\/p>\n<p><strong>Los Reyes Magos<\/strong>\u00a0: La f\u00eate des trois Rois Mages est importante dans la tradition<br \/>\nhispano-latino-am\u00e9ricaine en tant que \u00abf\u00eate pour les enfants\u00bb qui, comme chez nous \u00e0 la Saint-Nicolas, re\u00e7oivent des cadeaux. Melchior, Gaspar et le noir Balthazar laissent leurs cadeaux pour pouvoir jouer avec les enfants le lendemain au r\u00e9veil.<\/p>\n<p><strong>La huida<\/strong>\u00a0: Cette partie ne concerne pas seulement la fuite vers l&#8217;Egypte, mais \u00e9galement la fuite d&#8217;enfants \u00e0 travers le monde.<br \/>\n&#8220;Allons-y! Si vous n&#8217;\u00eates pas press\u00e9s, ils vous trouveront. Ils sont pr\u00eats \u00e0 tuer. Le poignard est d\u00e9j\u00e0 en train de devenir sanglant. D\u00e9p\u00eache-toi, petit \u00e2ne. Doux petit enfant, ne pleure pas, mon amour! Nous sommes d\u00e9j\u00e0 dans un pays meilleur. Va dormir, ne pleure pas. Je te fais un berceau dans mes bras, les \u00ab\u00a0bombos<br \/>\nlegueros\u00a0\u00bb r\u00e9sonnent dans mon c\u0153ur \u00bb.<\/p>\n","protected":false},"excerpt":{"rendered":"<p>C\u2019est en octobre 1963 qu\u2019Ariel Ramirez eut l\u2019id\u00e9e d\u2019une s\u00e9rie de \u201cvillancicos\u201d\u00a0(chants de No\u00ebl). Ainsi naquit Navidad Nuestra, oeuvre que le compositeur argentin d\u00e9finit comme une estampe musicale dont il &#8230;<\/p>\n","protected":false},"author":3,"featured_media":2721,"comment_status":"closed","ping_status":"closed","sticky":false,"template":"","format":"standard","meta":[],"categories":[46,40,43,1],"tags":[],"_links":{"self":[{"href":"https:\/\/www.lesmenetriers.com\/WP\/index.php?rest_route=\/wp\/v2\/posts\/2720"}],"collection":[{"href":"https:\/\/www.lesmenetriers.com\/WP\/index.php?rest_route=\/wp\/v2\/posts"}],"about":[{"href":"https:\/\/www.lesmenetriers.com\/WP\/index.php?rest_route=\/wp\/v2\/types\/post"}],"author":[{"embeddable":true,"href":"https:\/\/www.lesmenetriers.com\/WP\/index.php?rest_route=\/wp\/v2\/users\/3"}],"replies":[{"embeddable":true,"href":"https:\/\/www.lesmenetriers.com\/WP\/index.php?rest_route=%2Fwp%2Fv2%2Fcomments&post=2720"}],"version-history":[{"count":3,"href":"https:\/\/www.lesmenetriers.com\/WP\/index.php?rest_route=\/wp\/v2\/posts\/2720\/revisions"}],"predecessor-version":[{"id":2724,"href":"https:\/\/www.lesmenetriers.com\/WP\/index.php?rest_route=\/wp\/v2\/posts\/2720\/revisions\/2724"}],"wp:featuredmedia":[{"embeddable":true,"href":"https:\/\/www.lesmenetriers.com\/WP\/index.php?rest_route=\/wp\/v2\/media\/2721"}],"wp:attachment":[{"href":"https:\/\/www.lesmenetriers.com\/WP\/index.php?rest_route=%2Fwp%2Fv2%2Fmedia&parent=2720"}],"wp:term":[{"taxonomy":"category","embeddable":true,"href":"https:\/\/www.lesmenetriers.com\/WP\/index.php?rest_route=%2Fwp%2Fv2%2Fcategories&post=2720"},{"taxonomy":"post_tag","embeddable":true,"href":"https:\/\/www.lesmenetriers.com\/WP\/index.php?rest_route=%2Fwp%2Fv2%2Ftags&post=2720"}],"curies":[{"name":"wp","href":"https:\/\/api.w.org\/{rel}","templated":true}]}}