{"id":3286,"date":"2022-02-12T13:51:13","date_gmt":"2022-02-12T13:51:13","guid":{"rendered":"http:\/\/www.lesmenetriers.com\/WP\/?p=3286"},"modified":"2022-04-02T17:05:41","modified_gmt":"2022-04-02T17:05:41","slug":"concert-jenkins-stabat-mater-septembre-2020","status":"publish","type":"post","link":"https:\/\/www.lesmenetriers.com\/WP\/?p=3286","title":{"rendered":"Concert K. Jenkins &#8220;Stabat Mater&#8221;   21 mai 2022 20h30 et 22 mai 2022 16h30"},"content":{"rendered":"\n<h2><strong>Suite \u00e0 la crise du coronavirus, ce concert a \u00e9t\u00e9 report\u00e9 plusieurs fois.<\/strong> Nous sommes heureux de pouvoir vous le pr\u00e9senter enfin!<\/h2>\n\n\n\n<p>Une petite dizaine d\u2019ann\u00e9es apr\u00e8s avoir cr\u00e9\u00e9 <em>L\u2019Homme arm\u00e9&nbsp;: a mass for peace<\/em>, le compositeur gallois Karl Jenkins se lance dans un <em>Stabat Mater<\/em> que les M\u00e9n\u00e9triers vous invitent \u00e0 d\u00e9couvrir tr\u00e8s prochainement. Il s\u2019agira sans doute d\u2019une premi\u00e8re en Belgique pour cette \u0152uvre hors du commun.<\/p>\n\n\n\n<p>Non, le <em>Stabat Mater<\/em> n\u2019est pas exceptionnel&nbsp;: des dizaines de musiciens ont travaill\u00e9 ce texte d\u2019inspiration franciscaine, plus de six cents compositions ont \u00e9t\u00e9 recens\u00e9es sur les huit si\u00e8cles d\u2019existence du po\u00e8me.<\/p>\n\n\n\n<p>Par contre, la version de Karl Jenkins est si puissamment originale qu\u2019elle marque les esprits, les oreilles et les c\u0153urs. Son auteur l\u2019a r\u00e9solument inscrite dans l\u2019univers culturel de Marie, m\u00e8re de J\u00e9sus, celle qui est l\u00e0, en peine, \u00e0 c\u00f4t\u00e9 de la croix o\u00f9 son fils rend l\u2019\u00e2me. Composition \u00e0 accent arabisant&nbsp;; textes m\u00ealant latin, arabe, aram\u00e9en, h\u00e9breu, grec ancien&nbsp;; po\u00e8mes babylonien et perse\u2026 Jenkins a d\u00e9compos\u00e9 le texte original pour en transformer le message.<\/p>\n\n\n\n<p>Si vous avez aim\u00e9 le concert &#8220;L&#8217;homme arm\u00e9, une messe pour la paix&#8221; (Karl Jenkins), nous sommes persuad\u00e9s que vous adorerez \u00e9galement cette \u0153uvre.<\/p>\n\n\n\n<p>R\u00e9servations \u00e0 partir du 23 avril : reservations.lesmenetriers@gmail.com.<\/p>\n\n\n\n<p>Pr\u00e9vente : adultes 12\u20ac \/ Acj, \u00e9tudiants 10\u20ac, moins de 12 ans gratuit<\/p>\n\n\n\n<p><a href=\"https:\/\/www.lesmenetriers.com\/WP\/wp-content\/uploads\/2020\/09\/Affiche-Stabat-Mater-Jenkins-v3c-scaled.jpg\"><img loading=\"lazy\" class=\"alignnone size-medium wp-image-3840\" src=\"https:\/\/www.lesmenetriers.com\/WP\/wp-content\/uploads\/2020\/09\/Affiche-Stabat-Mater-Jenkins-v3c-212x300.jpg\" alt=\"\" width=\"212\" height=\"300\" srcset=\"https:\/\/www.lesmenetriers.com\/WP\/wp-content\/uploads\/2020\/09\/Affiche-Stabat-Mater-Jenkins-v3c-212x300.jpg 212w, https:\/\/www.lesmenetriers.com\/WP\/wp-content\/uploads\/2020\/09\/Affiche-Stabat-Mater-Jenkins-v3c-724x1024.jpg 724w, https:\/\/www.lesmenetriers.com\/WP\/wp-content\/uploads\/2020\/09\/Affiche-Stabat-Mater-Jenkins-v3c-768x1086.jpg 768w, https:\/\/www.lesmenetriers.com\/WP\/wp-content\/uploads\/2020\/09\/Affiche-Stabat-Mater-Jenkins-v3c-1086x1536.jpg 1086w, https:\/\/www.lesmenetriers.com\/WP\/wp-content\/uploads\/2020\/09\/Affiche-Stabat-Mater-Jenkins-v3c-1448x2048.jpg 1448w, https:\/\/www.lesmenetriers.com\/WP\/wp-content\/uploads\/2020\/09\/Affiche-Stabat-Mater-Jenkins-v3c-scaled.jpg 1811w\" sizes=\"(max-width: 212px) 100vw, 212px\" \/><\/a><\/p>\n\n\n\n<p><\/p>\n\n\n\n<p><\/p>\n\n\n\n<p><\/p>\n\n\n","protected":false},"excerpt":{"rendered":"<p>Suite \u00e0 la crise du coronavirus, ce concert a \u00e9t\u00e9 report\u00e9 plusieurs fois. Nous sommes heureux de pouvoir vous le pr\u00e9senter enfin! Une petite dizaine d\u2019ann\u00e9es apr\u00e8s avoir cr\u00e9\u00e9 L\u2019Homme &#8230;<\/p>\n","protected":false},"author":3,"featured_media":3840,"comment_status":"closed","ping_status":"closed","sticky":true,"template":"","format":"standard","meta":[],"categories":[41,46,40],"tags":[],"_links":{"self":[{"href":"https:\/\/www.lesmenetriers.com\/WP\/index.php?rest_route=\/wp\/v2\/posts\/3286"}],"collection":[{"href":"https:\/\/www.lesmenetriers.com\/WP\/index.php?rest_route=\/wp\/v2\/posts"}],"about":[{"href":"https:\/\/www.lesmenetriers.com\/WP\/index.php?rest_route=\/wp\/v2\/types\/post"}],"author":[{"embeddable":true,"href":"https:\/\/www.lesmenetriers.com\/WP\/index.php?rest_route=\/wp\/v2\/users\/3"}],"replies":[{"embeddable":true,"href":"https:\/\/www.lesmenetriers.com\/WP\/index.php?rest_route=%2Fwp%2Fv2%2Fcomments&post=3286"}],"version-history":[{"count":20,"href":"https:\/\/www.lesmenetriers.com\/WP\/index.php?rest_route=\/wp\/v2\/posts\/3286\/revisions"}],"predecessor-version":[{"id":4179,"href":"https:\/\/www.lesmenetriers.com\/WP\/index.php?rest_route=\/wp\/v2\/posts\/3286\/revisions\/4179"}],"wp:featuredmedia":[{"embeddable":true,"href":"https:\/\/www.lesmenetriers.com\/WP\/index.php?rest_route=\/wp\/v2\/media\/3840"}],"wp:attachment":[{"href":"https:\/\/www.lesmenetriers.com\/WP\/index.php?rest_route=%2Fwp%2Fv2%2Fmedia&parent=3286"}],"wp:term":[{"taxonomy":"category","embeddable":true,"href":"https:\/\/www.lesmenetriers.com\/WP\/index.php?rest_route=%2Fwp%2Fv2%2Fcategories&post=3286"},{"taxonomy":"post_tag","embeddable":true,"href":"https:\/\/www.lesmenetriers.com\/WP\/index.php?rest_route=%2Fwp%2Fv2%2Ftags&post=3286"}],"curies":[{"name":"wp","href":"https:\/\/api.w.org\/{rel}","templated":true}]}}