{"id":486,"date":"2012-03-28T16:22:54","date_gmt":"2012-03-28T16:22:54","guid":{"rendered":"http:\/\/www.lesmenetriers.com\/WP\/?p=486"},"modified":"2017-01-03T14:08:35","modified_gmt":"2017-01-03T14:08:35","slug":"flash-back-banquet-30-ans-octobre-2011","status":"publish","type":"post","link":"https:\/\/www.lesmenetriers.com\/WP\/?p=486","title":{"rendered":"Flash Back Banquet 30 ans (Octobre 2011)"},"content":{"rendered":"<h3><span style=\"text-decoration: underline;\"><strong><em>Tir\u00e9 de Marie-Paule Belle \u2013 Les biaiseuses<\/em><\/strong><\/span><\/h3>\n<p><span style=\"color: #ffffff;\">&#8211;<\/span><\/p>\n<p><a href=\"http:\/\/www.lesmenetriers.com\/WP\/wp-content\/uploads\/2012\/04\/Flash-Back-Banquet-30-ans1.png\"><img loading=\"lazy\" class=\"aligncenter size-full wp-image-488\" title=\"Flash Back Banquet 30 ans\" src=\"http:\/\/www.lesmenetriers.com\/WP\/wp-content\/uploads\/2012\/04\/Flash-Back-Banquet-30-ans1.png\" alt=\"\" width=\"678\" height=\"318\" srcset=\"https:\/\/www.lesmenetriers.com\/WP\/wp-content\/uploads\/2012\/04\/Flash-Back-Banquet-30-ans1.png 678w, https:\/\/www.lesmenetriers.com\/WP\/wp-content\/uploads\/2012\/04\/Flash-Back-Banquet-30-ans1-300x140.png 300w\" sizes=\"(max-width: 678px) 100vw, 678px\" \/><\/a><\/p>\n<p>&nbsp;<\/p>\n<p><span style=\"color: #ffffff;\">&#8211;<\/span><\/p>\n<h4>Dans les chorales ordinaires<\/h4>\n<h4>Y en a qui sont sopranes<\/h4>\n<h4>Ou bien t\u00e9nors et quoi encore<\/h4>\n<h4>Y en a m\u00eame qui chantent bien<\/h4>\n<h4>Y en a qui hurlent \u00e0 tue t\u00eate<\/h4>\n<h4>Et d\u2019autres qui chuchotent<\/h4>\n<h4>Mesdames Messieurs not pr\u00e9f\u00e9r\u00e9e<\/h4>\n<h4>C\u2019est les M\u00e9n\u00e9triers<\/h4>\n<h4>Car pour chanter sachez ma foi<\/h4>\n<h4>Qu\u2019les aut\u2019 chorales ne font pas le poids<\/h4>\n<p>&nbsp;<\/p>\n<h4><\/h4>\n<p>&nbsp;<\/p>\n<h4><em><strong><a href=\"http:\/\/www.lesmenetriers.com\/WP\/wp-content\/uploads\/2012\/04\/Flash-Back-Banquet-30-ans-2.png\"><img loading=\"lazy\" class=\"alignright wp-image-498\" title=\"Flash Back Banquet 30 ans -2\" src=\"http:\/\/www.lesmenetriers.com\/WP\/wp-content\/uploads\/2012\/04\/Flash-Back-Banquet-30-ans-2.png\" alt=\"\" width=\"400\" height=\"229\" srcset=\"https:\/\/www.lesmenetriers.com\/WP\/wp-content\/uploads\/2012\/04\/Flash-Back-Banquet-30-ans-2.png 640w, https:\/\/www.lesmenetriers.com\/WP\/wp-content\/uploads\/2012\/04\/Flash-Back-Banquet-30-ans-2-300x172.png 300w\" sizes=\"(max-width: 400px) 100vw, 400px\" \/><\/a><\/strong><\/em><\/h4>\n<h4><em><strong>Nous sommes chanteuses chez Beno\u00eet<\/strong><\/em><\/h4>\n<h4><\/h4>\n<h4><\/h4>\n<h4><\/h4>\n<h4><\/h4>\n<h4><\/h4>\n<h4><em><strong>On chant\u2019rait bien n\u2019importe quoi<\/strong><\/em><\/h4>\n<h4><em><strong>Vendredi c\u2019est tout not\u2019 bonheur<\/strong><\/em><\/h4>\n<h4><em><strong>On est excit\u00e9es d\u00e8s 8 heures<\/strong><\/em><\/h4>\n<h4><em><strong>Les Gloria d\u2019Vivaldi nous font pas peur<\/strong><\/em><\/h4>\n<h4><em><strong>Nous sommes chanteuses chez Beno\u00eet<\/strong><\/em><\/h4>\n<h4><em><strong>On chant\u2019rait bien n\u2019importe quoi<\/strong><\/em><\/h4>\n<h4><em><strong>Quand nos mecs nous voient pas rentrer<\/strong><\/em><\/h4>\n<h4><em><strong>Y disent \u00ab\u00a0y a pas \u00e0 s\u2019inqui\u00e9ter\u00a0\u00bb <\/strong><\/em><\/h4>\n<h4><em><strong>Elles sont encore en train d\u2019chanter<\/strong><\/em><\/h4>\n<p><strong><br clear=\"all\" \/> <\/strong><\/p>\n<h4 style=\"text-align: justify;\"><strong>Dans les chorales ordinaires<\/strong><\/h4>\n<h4 style=\"text-align: justify;\"><strong>Y a parfois quelques basses<\/strong><\/h4>\n<h4 style=\"text-align: justify;\"><strong>Et des t\u00e9nors et quoi encore<\/strong><\/h4>\n<h4 style=\"text-align: justify;\"><strong>Y en a m\u00eame qui chantent bien<\/strong><\/h4>\n<h4 style=\"text-align: justify;\"><strong>Le gazouillis des sopranes<\/strong><\/h4>\n<h4 style=\"text-align: justify;\"><strong>Tout \u00e7a c\u2019est du pipeau<\/strong><\/h4>\n<h4 style=\"text-align: justify;\"><strong>Mesdames Messieurs pour \u00eatre alto<\/strong><\/h4>\n<h4 style=\"text-align: justify;\"><strong>Faut un certain niveau<\/strong><\/h4>\n<h4 style=\"text-align: justify;\"><strong>Imp\u00e9rieuses oui et m\u00eame vitales<\/strong><\/h4>\n<h4 style=\"text-align: justify;\"><strong>Irrempla\u00e7ables et primordiales<\/strong><\/h4>\n<p>&nbsp;<\/p>\n<h4><em><strong>Nous sommes chanteuses chez Beno\u00eet<a href=\"http:\/\/www.lesmenetriers.com\/WP\/wp-content\/uploads\/2012\/03\/0-206.jpg\"><img loading=\"lazy\" class=\"alignright wp-image-522\" title=\"Le sketch des Alti\" src=\"http:\/\/www.lesmenetriers.com\/WP\/wp-content\/uploads\/2012\/03\/0-206-300x225.jpg\" alt=\"\" width=\"352\" height=\"263\" srcset=\"https:\/\/www.lesmenetriers.com\/WP\/wp-content\/uploads\/2012\/03\/0-206-300x225.jpg 300w, https:\/\/www.lesmenetriers.com\/WP\/wp-content\/uploads\/2012\/03\/0-206-1024x768.jpg 1024w, https:\/\/www.lesmenetriers.com\/WP\/wp-content\/uploads\/2012\/03\/0-206.jpg 2048w\" sizes=\"(max-width: 352px) 100vw, 352px\" \/><\/a><\/strong><\/em><\/h4>\n<h4><em><strong>Pour lui on chant\u2019rait nimport\u2019quoi<\/strong><\/em><\/h4>\n<h4><em><strong>Fermant nos partoch\u2019 quand il faut<\/strong><\/em><\/h4>\n<h4><em><strong>On chante en voiture en auto<\/strong><\/em><\/h4>\n<h4><em><strong>Une fois m\u00eame on\u00a0 a chant\u00e9 dans l\u2019m\u00e9tro<\/strong><\/em><\/h4>\n<h4><em><strong>Avec ardeur avec entrain<\/strong><\/em><\/h4>\n<h4><em><strong>Nous chantons du soir au matin<\/strong><\/em><\/h4>\n<h4><em><strong>Pour nos Beno\u00eets on a l\u2019b\u00e9guin<\/strong><\/em><\/h4>\n<h4><em><strong>Arr\u00eater c\u2019est pas pour demain<\/strong><\/em><\/h4>\n<h4><em><strong>Allez \u00e0 vendredi prochain<\/strong><\/em><\/h4>\n<p style=\"text-align: center;\"><span style=\"color: #ff0000;\">&#8212;&#8212;&#8212;&#8212;&#8212;&#8212;&#8212;&#8212;&#8212;&#8212;&#8212;&#8212;&#8212;&#8212;&#8212;&#8212;&#8212;&#8212;&#8212;&#8212;&#8212;&#8212;&#8212;&#8212;&#8212;&#8212;&#8212;&#8212;&#8212;&#8212;&#8212;&#8212;&#8212;&#8212;&#8212;&#8212;&#8212;&#8212;&#8212;&#8212;&#8212;-<\/span><\/p>\n<h3><span style=\"text-decoration: underline;\"><em>Sur l\u2019air de \u00ab\u00a0la jument de Michao&#8221;<\/em><\/span><\/h3>\n<h4 style=\"text-align: justify;\"><span style=\"color: #ffffff;\">&#8211;<\/span><\/h4>\n<h4 style=\"text-align: justify;\">Dans notre chouette chorale Y&#8217;a plein d&#8217;hurluberlus<\/h4>\n<h4 style=\"text-align: justify;\">des fourmis, des cigales, des ras\u00e9s, des poilus<\/h4>\n<h4 style=\"text-align: justify;\">Dans notre chouette chorale Y&#8217;a plein d&#8217;hurluberlus<\/h4>\n<h4 style=\"text-align: justify;\">des Benoit des Pascales des saints et des bitus<\/h4>\n<p>&nbsp;<\/p>\n<h4 style=\"text-align: justify;\">L&#8217;concert viendra, l&#8217;concert viendra<a href=\"http:\/\/www.lesmenetriers.com\/WP\/wp-content\/uploads\/2012\/03\/0-247.jpg\"><img loading=\"lazy\" class=\"alignright wp-image-525\" title=\"Raph \u00e0 l'\u00e9coute du public \" src=\"http:\/\/www.lesmenetriers.com\/WP\/wp-content\/uploads\/2012\/03\/0-247-300x225.jpg\" alt=\"\" width=\"360\" height=\"270\" srcset=\"https:\/\/www.lesmenetriers.com\/WP\/wp-content\/uploads\/2012\/03\/0-247-300x225.jpg 300w, https:\/\/www.lesmenetriers.com\/WP\/wp-content\/uploads\/2012\/03\/0-247-1024x768.jpg 1024w, https:\/\/www.lesmenetriers.com\/WP\/wp-content\/uploads\/2012\/03\/0-247.jpg 2048w\" sizes=\"(max-width: 360px) 100vw, 360px\" \/><\/a><\/h4>\n<h4 style=\"text-align: justify;\">si tu n&#8217;\u00e9tudies pas tu t&#8217;en repentiras<\/h4>\n<h4 style=\"text-align: justify;\">L&#8217;concert viendra les gars, l&#8217;concert viendra<\/h4>\n<h4 style=\"text-align: justify;\">si tu ne r\u00e9vises pas, le chef te tuera<\/h4>\n<p>&nbsp;<\/p>\n<h4 style=\"text-align: justify;\">Et dans un an je reviendrai<\/h4>\n<h4 style=\"text-align: justify;\">j&#8217;entends Michel et Benoit chef chanter<\/h4>\n<h4 style=\"text-align: justify;\">Et dans un an je reviendrai<\/h4>\n<h4 style=\"text-align: justify;\">j&#8217;entends Sophie et benoit chef chanter<\/h4>\n<p>&nbsp;<\/p>\n<h4 style=\"text-align: justify;\">J&#8217;entends Katty, Benoit Chef et notre Odette<\/h4>\n<h4 style=\"text-align: justify;\">J&#8217;entends Katty chanter sur le CD<\/h4>\n<h4 style=\"text-align: justify;\">(bis)<\/h4>\n<p>&nbsp;<\/p>\n<h4 style=\"text-align: justify;\">Dans notre chouette chorale des dr\u00f4les de zigotos<\/h4>\n<h4 style=\"text-align: justify;\">Usent leurs cordes vocales pour nous donner le do<\/h4>\n<h4 style=\"text-align: justify;\">Dans notre chouette chorale y&#8217;a 4 rigolos<\/h4>\n<h4 style=\"text-align: justify;\">qui se donnent bien du mal, un cd c&#8217;est pas d&#8217;trop<\/h4>\n<p>&nbsp;<\/p>\n<h4 style=\"text-align: justify;\">L&#8217;concert viendra, l&#8217;concert viendra<a href=\"http:\/\/www.lesmenetriers.com\/WP\/wp-content\/uploads\/2012\/03\/0-242.jpg\"><img loading=\"lazy\" class=\"alignright wp-image-523\" title=\"Raph, Clara, Jeanne &amp; H\u00e9l\u00e8ne \u00e0 la guitare\" src=\"http:\/\/www.lesmenetriers.com\/WP\/wp-content\/uploads\/2012\/03\/0-242-300x225.jpg\" alt=\"\" width=\"370\" height=\"285\" \/><\/a><\/h4>\n<h4 style=\"text-align: justify;\">si tu n&#8217;\u00e9tudies pas tu t&#8217;en repentiras<\/h4>\n<h4 style=\"text-align: justify;\">L&#8217;concert viendra les gars, l&#8217;concert viendra<\/h4>\n<h4 style=\"text-align: justify;\">si ne tu r\u00e9vises pas, le chef te tuera<\/h4>\n<p>&nbsp;<\/p>\n<h4 style=\"text-align: justify;\">Et dans dix ans je reviendrai<\/h4>\n<h4 style=\"text-align: justify;\">j&#8217;entends Michel et Benoit chef chanter<\/h4>\n<h4 style=\"text-align: justify;\">Et dans dix ans je reviendrai<\/h4>\n<h4 style=\"text-align: justify;\">J&#8217;entends Sophie et Benoit chef chanter<\/h4>\n<p>&nbsp;<\/p>\n<h4 style=\"text-align: justify;\">J&#8217;entends Katty, Benoit Chef et notre Odette<\/h4>\n<h4 style=\"text-align: justify;\">J&#8217;entends Katty chanter sur le CD<\/h4>\n<h4 style=\"text-align: justify;\">(bis)<\/h4>\n<p>&nbsp;<\/p>\n<h4 style=\"text-align: justify;\">Dans notre chouette chorale les basses et les Chantales<\/h4>\n<h4 style=\"text-align: justify;\">\u00e9coutent le CD car y faut pas s&#8217;tromper<\/h4>\n<h4 style=\"text-align: justify;\">Dans notre chouette chorale des t\u00e9nors peinent et calent<\/h4>\n<h4 style=\"text-align: justify;\">car m\u00eame avec CD la note faudra chercher<\/h4>\n<p>&nbsp;<\/p>\n<h4 style=\"text-align: justify;\">L&#8217;concert viendra, l&#8217;concert viendra<\/h4>\n<h4 style=\"text-align: justify;\"><a href=\"http:\/\/www.lesmenetriers.com\/WP\/wp-content\/uploads\/2012\/03\/0-240.jpg\"><img loading=\"lazy\" class=\"alignright wp-image-524\" title=\"Les Convives du 30e anniversaire\" src=\"http:\/\/www.lesmenetriers.com\/WP\/wp-content\/uploads\/2012\/03\/0-240-300x225.jpg\" alt=\"\" width=\"345\" height=\"258\" srcset=\"https:\/\/www.lesmenetriers.com\/WP\/wp-content\/uploads\/2012\/03\/0-240-300x225.jpg 300w, https:\/\/www.lesmenetriers.com\/WP\/wp-content\/uploads\/2012\/03\/0-240-1024x768.jpg 1024w, https:\/\/www.lesmenetriers.com\/WP\/wp-content\/uploads\/2012\/03\/0-240.jpg 2048w\" sizes=\"(max-width: 345px) 100vw, 345px\" \/><\/a><\/h4>\n<h4 style=\"text-align: justify;\">si t&#8217;\u00e9tudies pas tu t&#8217;en repentiras<\/h4>\n<h4 style=\"text-align: justify;\">L&#8217;concert viendra les gars, l&#8217;concert viendra<\/h4>\n<h4 style=\"text-align: justify;\">si tu r\u00e9vises pas, le chef te tuera<\/h4>\n<p>&nbsp;<\/p>\n<h4 style=\"text-align: justify;\"><\/h4>\n<h4 style=\"text-align: justify;\">Et dans vingt ans je reviendrai<\/h4>\n<h4 style=\"text-align: justify;\">j&#8217;entends Michel et Benoit chef chanter<\/h4>\n<h4 style=\"text-align: justify;\">Et dans dix ans je reviendrai<\/h4>\n<h4 style=\"text-align: justify;\">j&#8217;entends Sophie et Benoit chef chanter<\/h4>\n<p>&nbsp;<\/p>\n<h4 style=\"text-align: justify;\">J&#8217;entends Katty, Benoit Chef et notre Odette<\/h4>\n<h4 style=\"text-align: justify;\">J&#8217;entends Katty chanter sur le CD<\/h4>\n<h4 style=\"text-align: justify;\">(bis)<\/h4>\n<p>&nbsp;<\/p>\n<h4 style=\"text-align: justify;\">Dans notre chouette chorale Y&#8217;a pleins d&#8217;hurluberlus<\/h4>\n<h4 style=\"text-align: justify;\">des basses , des sopranes, t\u00e9nors en plein chahut<\/h4>\n<h4 style=\"text-align: justify;\">Dans notre chouette chorale y&#8217;a plein d&#8217;hurluberlus<\/h4>\n<h4 style=\"text-align: justify;\">des altos comme Chantal un chef oui t&#8217;as bien vu<\/h4>\n<p>&nbsp;<\/p>\n<h4 style=\"text-align: justify;\">L&#8217;concert viendra les gars, l&#8217;concert viendra<\/h4>\n<h4 style=\"text-align: justify;\">si t&#8217;\u00e9tudies pas tu t&#8217;en repentiras<\/h4>\n<h4 style=\"text-align: justify;\">L&#8217;concert viendra les gars, l&#8217;concert viendra<\/h4>\n<h4 style=\"text-align: justify;\">si tu r\u00e9vises pas, le chef te tuera<\/h4>\n<p>&nbsp;<\/p>\n<h4 style=\"text-align: justify;\">Et dans trente ans je reviendrai<\/h4>\n<h4 style=\"text-align: justify;\">j&#8217; entends Michel et Benoit chef chanter<\/h4>\n<h4 style=\"text-align: justify;\">Et dans trente ans je reviendrai<\/h4>\n<h4 style=\"text-align: justify;\">j&#8217;entends Sophie et Benoit chef chanter<\/h4>\n<h4 style=\"text-align: justify;\">J&#8217;entends Katty, Benoit Chef et notre Odette<\/h4>\n<h4 style=\"text-align: justify;\">J&#8217;entends Katty chanter sur le CD<\/h4>\n<h4 style=\"text-align: justify;\">(bis)<\/h4>\n<p>&nbsp;<\/p>\n<p><em>Raph, Clara , Jeanne et H\u00e9l\u00e8ne \u00e0 la guitare<\/em><\/p>\n","protected":false},"excerpt":{"rendered":"<p>L\u2019ambiance \u00e0 travers les sketches chant\u00e9s       <\/p>\n","protected":false},"author":2,"featured_media":524,"comment_status":"closed","ping_status":"closed","sticky":false,"template":"","format":"standard","meta":[],"categories":[46,43],"tags":[20,19],"_links":{"self":[{"href":"https:\/\/www.lesmenetriers.com\/WP\/index.php?rest_route=\/wp\/v2\/posts\/486"}],"collection":[{"href":"https:\/\/www.lesmenetriers.com\/WP\/index.php?rest_route=\/wp\/v2\/posts"}],"about":[{"href":"https:\/\/www.lesmenetriers.com\/WP\/index.php?rest_route=\/wp\/v2\/types\/post"}],"author":[{"embeddable":true,"href":"https:\/\/www.lesmenetriers.com\/WP\/index.php?rest_route=\/wp\/v2\/users\/2"}],"replies":[{"embeddable":true,"href":"https:\/\/www.lesmenetriers.com\/WP\/index.php?rest_route=%2Fwp%2Fv2%2Fcomments&post=486"}],"version-history":[{"count":38,"href":"https:\/\/www.lesmenetriers.com\/WP\/index.php?rest_route=\/wp\/v2\/posts\/486\/revisions"}],"predecessor-version":[{"id":519,"href":"https:\/\/www.lesmenetriers.com\/WP\/index.php?rest_route=\/wp\/v2\/posts\/486\/revisions\/519"}],"wp:featuredmedia":[{"embeddable":true,"href":"https:\/\/www.lesmenetriers.com\/WP\/index.php?rest_route=\/wp\/v2\/media\/524"}],"wp:attachment":[{"href":"https:\/\/www.lesmenetriers.com\/WP\/index.php?rest_route=%2Fwp%2Fv2%2Fmedia&parent=486"}],"wp:term":[{"taxonomy":"category","embeddable":true,"href":"https:\/\/www.lesmenetriers.com\/WP\/index.php?rest_route=%2Fwp%2Fv2%2Fcategories&post=486"},{"taxonomy":"post_tag","embeddable":true,"href":"https:\/\/www.lesmenetriers.com\/WP\/index.php?rest_route=%2Fwp%2Fv2%2Ftags&post=486"}],"curies":[{"name":"wp","href":"https:\/\/api.w.org\/{rel}","templated":true}]}}