{"id":6386,"date":"2026-04-13T15:30:56","date_gmt":"2026-04-13T15:30:56","guid":{"rendered":"http:\/\/www.lesmenetriers.com\/WP\/?p=6386"},"modified":"2026-04-13T15:40:59","modified_gmt":"2026-04-13T15:40:59","slug":"concert-musiques-de-films-24-mai-2026-a-16h-eglise-de-lens-st-remy","status":"publish","type":"post","link":"https:\/\/www.lesmenetriers.com\/WP\/?p=6386","title":{"rendered":"Concert Musiques de Films &#8211; 24 mai 2026 \u00e0 16H &#8211; \u00e9glise de Lens-St Remy"},"content":{"rendered":"\n<p>Cette ann\u00e9e, les M\u00e9n\u00e9triers se lancent dans un vaste projet d\u2019interpr\u00e9tation de musiques de films. Lors de ce concert, ils vous pr\u00e9senteront une premi\u00e8re s\u00e9rie de chants illustrant les grandes heures du cin\u00e9ma d\u2019hier et d\u2019aujourd\u2019hui. Entre classiques ind\u00e9modables et petites p\u00e9pites, ils vous feront passer par bien des \u00e9motions au fil de ce moment musical partag\u00e9.<\/p>\n<p>En deuxi\u00e8me partie, vous pourrez entendre la Royale Union Chorale de Fl\u00e9ron qui interpr\u00e8tera, dirig\u00e9e par Renaud Dalemans, son r\u00e9pertoire sur le th\u00e8me de l\u2019Amour.<\/p>\n<p>\u00a0<\/p>\n<p><u>Pr\u00e9vente \u00e0 partir du 2 mai<\/u>\u00a0: <a href=\"mailto:reservations.lesmenetriers@gmail.com\">reservations.lesmenetriers@gmail.com<\/a> \u2013 019\/65.60.09<\/p>\n<p><u>Tarif pr\u00e9vente:<\/u> \u00a0\u00a0\u00a0\u00a0\u00a0\u00a0\u00a0 + 25 ans: 15\u20ac<\/p>\n<p>12 \u2013 25 ans et membres \u2018\u00c0 C\u0153ur Joie\u2019: 12\u20ac<\/p>\n<p>-12 ans: gratuit<\/p>\n<p><a href=\"https:\/\/www.lesmenetriers.com\/WP\/wp-content\/uploads\/2026\/04\/Affiche-concert-24-mai-2026.jpg\" target=\"_blank\" rel=\"noopener noreferrer\"><img loading=\"lazy\" class=\"alignnone wp-image-6385 size-medium\" src=\"https:\/\/www.lesmenetriers.com\/WP\/wp-content\/uploads\/2026\/04\/Affiche-concert-24-mai-2026-212x300.jpg\" alt=\"\" width=\"212\" height=\"300\" srcset=\"https:\/\/www.lesmenetriers.com\/WP\/wp-content\/uploads\/2026\/04\/Affiche-concert-24-mai-2026-212x300.jpg 212w, https:\/\/www.lesmenetriers.com\/WP\/wp-content\/uploads\/2026\/04\/Affiche-concert-24-mai-2026-724x1024.jpg 724w, https:\/\/www.lesmenetriers.com\/WP\/wp-content\/uploads\/2026\/04\/Affiche-concert-24-mai-2026-768x1086.jpg 768w, https:\/\/www.lesmenetriers.com\/WP\/wp-content\/uploads\/2026\/04\/Affiche-concert-24-mai-2026-1086x1536.jpg 1086w, https:\/\/www.lesmenetriers.com\/WP\/wp-content\/uploads\/2026\/04\/Affiche-concert-24-mai-2026-1448x2048.jpg 1448w, https:\/\/www.lesmenetriers.com\/WP\/wp-content\/uploads\/2026\/04\/Affiche-concert-24-mai-2026.jpg 1587w\" sizes=\"(max-width: 212px) 100vw, 212px\" \/><\/a><\/p>\n<p>\u00a0<\/p>\n<p>\u00a0<\/p>\n<p>\u00a0<\/p>\n","protected":false},"excerpt":{"rendered":"<p>Cette ann\u00e9e, les M\u00e9n\u00e9triers se lancent dans un vaste projet d\u2019interpr\u00e9tation de musiques de films. Lors de ce concert, ils vous pr\u00e9senteront une premi\u00e8re s\u00e9rie de chants illustrant les grandes &#8230;<\/p>\n","protected":false},"author":4,"featured_media":6385,"comment_status":"closed","ping_status":"closed","sticky":false,"template":"","format":"standard","meta":[],"categories":[41,46,40],"tags":[],"_links":{"self":[{"href":"https:\/\/www.lesmenetriers.com\/WP\/index.php?rest_route=\/wp\/v2\/posts\/6386"}],"collection":[{"href":"https:\/\/www.lesmenetriers.com\/WP\/index.php?rest_route=\/wp\/v2\/posts"}],"about":[{"href":"https:\/\/www.lesmenetriers.com\/WP\/index.php?rest_route=\/wp\/v2\/types\/post"}],"author":[{"embeddable":true,"href":"https:\/\/www.lesmenetriers.com\/WP\/index.php?rest_route=\/wp\/v2\/users\/4"}],"replies":[{"embeddable":true,"href":"https:\/\/www.lesmenetriers.com\/WP\/index.php?rest_route=%2Fwp%2Fv2%2Fcomments&post=6386"}],"version-history":[{"count":7,"href":"https:\/\/www.lesmenetriers.com\/WP\/index.php?rest_route=\/wp\/v2\/posts\/6386\/revisions"}],"predecessor-version":[{"id":6393,"href":"https:\/\/www.lesmenetriers.com\/WP\/index.php?rest_route=\/wp\/v2\/posts\/6386\/revisions\/6393"}],"wp:featuredmedia":[{"embeddable":true,"href":"https:\/\/www.lesmenetriers.com\/WP\/index.php?rest_route=\/wp\/v2\/media\/6385"}],"wp:attachment":[{"href":"https:\/\/www.lesmenetriers.com\/WP\/index.php?rest_route=%2Fwp%2Fv2%2Fmedia&parent=6386"}],"wp:term":[{"taxonomy":"category","embeddable":true,"href":"https:\/\/www.lesmenetriers.com\/WP\/index.php?rest_route=%2Fwp%2Fv2%2Fcategories&post=6386"},{"taxonomy":"post_tag","embeddable":true,"href":"https:\/\/www.lesmenetriers.com\/WP\/index.php?rest_route=%2Fwp%2Fv2%2Ftags&post=6386"}],"curies":[{"name":"wp","href":"https:\/\/api.w.org\/{rel}","templated":true}]}}